{"id":1740,"date":"2017-01-03T07:09:04","date_gmt":"2017-01-03T06:09:04","guid":{"rendered":"http:\/\/www.melioris.ch\/?p=1740"},"modified":"2018-01-05T13:52:00","modified_gmt":"2018-01-05T12:52:00","slug":"newsletter-nr-9","status":"publish","type":"post","link":"http:\/\/www.melioris.ch\/fr\/newsletter-nr-9\/","title":{"rendered":"Newsletter No.  9"},"content":{"rendered":"<div id=\"pl-1740\"  class=\"panel-layout\" ><div id=\"pg-1740-0\"  class=\"panel-grid panel-no-style\" ><div id=\"pgc-1740-0-0\"  class=\"panel-grid-cell\" ><div id=\"panel-1740-0-0-0\" class=\"so-panel widget widget_sow-editor panel-first-child panel-last-child\" data-index=\"0\" ><div\n\t\t\t\n\t\t\tclass=\"so-widget-sow-editor so-widget-sow-editor-base\"\n\t\t\t\n\t\t>\n<div class=\"siteorigin-widget-tinymce textwidget\">\n\t<p style=\"text-align: center;\">Melioris<\/p>\n<h1 style=\"text-align: center;\">Newsletter N0. 9<\/h1>\n<p style=\"text-align: center;\"><a href=\"http:\/\/www.melioris.ch\/wp-content\/uploads\/2018\/01\/Melioris-Newsletter-09-Focus-achats.pdf\" target=\"_blank\" rel=\"noopener\">ouvrir au format PDF<\/a><\/p>\n<\/div>\n<\/div><\/div><\/div><\/div><div id=\"pg-1740-1\"  class=\"panel-grid panel-no-style\" ><div id=\"pgc-1740-1-0\"  class=\"panel-grid-cell\" ><div id=\"panel-1740-1-0-0\" class=\"so-panel widget widget_sow-editor panel-first-child\" data-index=\"1\" ><div\n\t\t\t\n\t\t\tclass=\"so-widget-sow-editor so-widget-sow-editor-base\"\n\t\t\t\n\t\t>\n<div class=\"siteorigin-widget-tinymce textwidget\">\n\t<h3>Editorial<\/h3>\n<p><img loading=\"lazy\" decoding=\"async\" class=\"uk-border-circle alignright wp-image-321 size-thumbnail\" src=\"http:\/\/www.melioris.ch\/wp-content\/uploads\/2017\/06\/arnaud-jobin-1-150x150.jpg\" alt=\"\" width=\"150\" height=\"150\" srcset=\"http:\/\/www.melioris.ch\/wp-content\/uploads\/2017\/06\/arnaud-jobin-1-150x150.jpg 150w, http:\/\/www.melioris.ch\/wp-content\/uploads\/2017\/06\/arnaud-jobin-1.jpg 205w\" sizes=\"auto, (max-width: 150px) 100vw, 150px\" \/><\/p>\n<p>Et si le d\u00e9but de l\u2019ann\u00e9e 2016 \u00e9tait propice \u00e0 planifier un projet achat au sein de votre entreprise ?<\/p>\n<p>En d\u00e9but d'ann\u00e9e, les opportunit\u00e9s existent. Ci-dessous, Alexandre vous donne quelques pistes g\u00e9n\u00e9rales de r\u00e9flexion.<\/p>\n<p>D\u00e9but 2014, l'entreprise Robatech avait elle aussi planifi\u00e9 un projet achat. Nous vous le racontons.<\/p>\n<p>Melioris vous souhaite de tr\u00e8s agr\u00e9ables f\u00eates de fin d'ann\u00e9e 2015.<\/p>\n<p style=\"text-align: right;\"><span class=\"notiz\">Arnaud Jobin, Responsable Commercial Romandie<br \/> <\/span><\/p>\n<\/div>\n<\/div><\/div><div id=\"panel-1740-1-0-1\" class=\"so-panel widget widget_sow-editor panel-last-child\" data-index=\"2\" ><div\n\t\t\t\n\t\t\tclass=\"so-widget-sow-editor so-widget-sow-editor-base\"\n\t\t\t\n\t\t>\n<div class=\"siteorigin-widget-tinymce textwidget\">\n\t<h3>6 \u00e9tapes clefs dans la conduite de vos projets achats<\/h3>\n<p><img loading=\"lazy\" decoding=\"async\" class=\"aligncenter wp-image-1741 size-full\" src=\"http:\/\/www.melioris.ch\/wp-content\/uploads\/2018\/01\/Alexfr9.png\" alt=\"\" width=\"656\" height=\"609\" srcset=\"http:\/\/www.melioris.ch\/wp-content\/uploads\/2018\/01\/Alexfr9.png 656w, http:\/\/www.melioris.ch\/wp-content\/uploads\/2018\/01\/Alexfr9-150x139.png 150w\" sizes=\"auto, (max-width: 656px) 100vw, 656px\" \/><span class=\"notiz\"><img loading=\"lazy\" decoding=\"async\" class=\"uk-border-circle alignright wp-image-1280 size-thumbnail\" src=\"http:\/\/www.melioris.ch\/wp-content\/uploads\/2018\/01\/Alexandre-Blachon-009-1-150x150.jpg\" alt=\"\" width=\"150\" height=\"150\" srcset=\"http:\/\/www.melioris.ch\/wp-content\/uploads\/2018\/01\/Alexandre-Blachon-009-1-150x150.jpg 150w, http:\/\/www.melioris.ch\/wp-content\/uploads\/2018\/01\/Alexandre-Blachon-009-1-768x768.jpg 768w, http:\/\/www.melioris.ch\/wp-content\/uploads\/2018\/01\/Alexandre-Blachon-009-1-1130x1130.jpg 1130w\" sizes=\"auto, (max-width: 150px) 100vw, 150px\" \/><\/span><\/p>\n<p style=\"text-align: right;\"><span class=\"notiz\">Par Alexandre Blachon, consultant achat senior chez Melioris<\/span><\/p>\n<\/div>\n<\/div><\/div><\/div><div id=\"pgc-1740-1-1\"  class=\"panel-grid-cell\" ><div id=\"panel-1740-1-1-0\" class=\"so-panel widget widget_sow-editor panel-first-child panel-last-child\" data-index=\"3\" ><div\n\t\t\t\n\t\t\tclass=\"so-widget-sow-editor so-widget-sow-editor-base\"\n\t\t\t\n\t\t>\n<div class=\"siteorigin-widget-tinymce textwidget\">\n\t<h3>Etude de cas<img loading=\"lazy\" decoding=\"async\" class=\"alignright wp-image-1290 size-thumbnail\" src=\"http:\/\/www.melioris.ch\/wp-content\/uploads\/2018\/01\/Robatech-141x150.png\" alt=\"\" width=\"141\" height=\"150\" srcset=\"http:\/\/www.melioris.ch\/wp-content\/uploads\/2018\/01\/Robatech-141x150.png 141w, http:\/\/www.melioris.ch\/wp-content\/uploads\/2018\/01\/Robatech.png 218w\" sizes=\"auto, (max-width: 141px) 100vw, 141px\" \/><\/h3>\n<p>Interview de Monsieur Patrick Gr\u00e4nacher, COO de l\u2019entreprise Robatech SA \u00e0 Muri, AG.<\/p>\n<p>Avec son si\u00e8ge en Suisse, Robatech est une entreprise familiale et un leader mondial sp\u00e9cialis\u00e9 dans les syst\u00e8mes d\u2019encollage et les solutions d\u2019application d\u2019adh\u00e9sifs industriels. L\u2019entreprise accorde une grande valeur sur la durabilit\u00e9 et la long\u00e9vit\u00e9 de ses produits ainsi qu\u2019une gestion rationnelle des ressources. La soci\u00e9t\u00e9 de conseil en achat Melioris a d\u00e9but\u00e9 une mission d\u2019optimisation sur des cat\u00e9gories de d\u00e9penses non strat\u00e9giques en 2014.<\/p>\n<p><strong>Dans le cadre de cette mission, Melioris a r\u00e9alis\u00e9 une \u00e9conomie de plus de CHF 275'000 par an sur 16 cat\u00e9gories optimis\u00e9es.<\/strong><\/p>\n<p><strong>Monsieur Gr\u00e4nacher, nous tenons \u00e0 vous remercier de nous accorder de votre temps. Pouvez nous d\u00e9crire bri\u00e8vement vos impressions g\u00e9n\u00e9rales sur le d\u00e9roulement de la mission et le travail effectu\u00e9 par Melioris\u00a0?<\/strong><\/p>\n<p>Pour commencer j\u2019aimerais mettre en \u00e9vidence le professionnalisme de Melioris. En effet, Melioris dispose d\u2019un large r\u00e9seau, d\u2019une grande expertise m\u00e9tier et d\u2019une bonne renomm\u00e9e. J\u2019aimerais \u00e9galement souligner que le montant d\u2019\u00e9conomies annonc\u00e9es lors de l\u2019audit pr\u00e9liminaire a \u00e9t\u00e9 respect\u00e9 avec une \u00e9tonnante pr\u00e9cision lors de la mission d\u2019optimisation. Une d\u00e9couverte surprenante de ma part a \u00e9t\u00e9 de constater que les postes desquels on pensait que nos prix \u00e9taient bons disposaient encore d\u2019une bonne marge de man\u0153uvre que Melioris a su exploiter gr\u00e2ce \u00e0 sa connaissance des prix du march\u00e9.<\/p>\n<p><strong>Monsieur Gr\u00e4nacher, pouvez-vous nous dire quelle \u00e9tait votre plus grande inqui\u00e9tude au d\u00e9but de la mission?<\/strong><\/p>\n<p>Ma plus grosse crainte \u00e9tait que la mission ne prenne trop de temps \u00e0 mes \u00e9quipes. Ma crainte s\u2019est av\u00e9r\u00e9e infond\u00e9e par la suite. Le temps estim\u00e9 par Melioris concernant le nombre d\u2019heures sollicit\u00e9es a \u00e9t\u00e9 respect\u00e9. En r\u00e9alit\u00e9, j\u2019ai calcul\u00e9 que chaque heure investie par un collaborateur dans ce projet a g\u00e9n\u00e9r\u00e9 pour nous une \u00e9conomie annuelle de CHF 1500.-. C\u2019est un tr\u00e8s bon ratio.<\/p>\n<p><strong>Pouvez-vous d\u00e9velopper plus en d\u00e9tail la collaboration entre vos employ\u00e9s et Melioris?<\/strong><\/p>\n<p>La communication \u00e9tait ouverte et claire. Les besoins exprim\u00e9s par les employ\u00e9s lors de la mission ont \u00e9t\u00e9 pris en compte et un consentement mutuel s\u2019est instaur\u00e9. Nous avons aussi remarqu\u00e9 que les postes d\u2019achats qui ont n\u00e9cessit\u00e9 le plus d\u2019attention, ont entrain\u00e9 un effet d\u2019apprentissage pour nos employ\u00e9s sur la relation clients\/fournisseurs. La mise \u00e0 disposition par Melioris de documents r\u00e9utilisables, comme des tableaux et des mod\u00e8les, repr\u00e9sente pour nous \u00e9galement un avantage.<\/p>\n<p><strong>Monsieur Gr\u00e4nacher y a-t-il des points n\u00e9gatifs que vous souhaitez mentionner? <\/strong><\/p>\n<p>Non. Fondamentalement je ne peux que recommander la prestation d\u2019optimisation des achats non strat\u00e9giques de Melioris. Pr\u00e9cis\u00e9ment le fait que la r\u00e9mun\u00e9ration soit bas\u00e9e sur une partie des \u00e9conomies effectives, ce qui, par cons\u00e9quent, n\u2019entraine aucun co\u00fbt pour nous, repr\u00e9sente pour moi une \u00ab\u00a0Unique Selling Proposition\u00a0\u00bb\u00a0!<\/p>\n<p><strong>Monsieur Gr\u00e4nacher nous vous remercions pour cet interview.<\/strong><\/p>\n<p style=\"text-align: right;\"><span class=\"notiz\">Propos recueillis par Bastian Fritschi, Responsable commercial Suisse Al\u00e9manique<\/span><\/p>\n<p style=\"text-align: right;\"><span class=\"notiz\">\u00a0<\/span><\/p>\n<\/div>\n<\/div><\/div><\/div><\/div><\/div>","protected":false},"excerpt":{"rendered":"<p>Melioris Newsletter N0. 9 ouvrir au format PDF EditorialEt si le d\u00e9but de l\u2019ann\u00e9e 2016 \u00e9tait propice \u00e0 planifier un projet achat au sein de votre entreprise ?En d\u00e9but d&rsquo;ann\u00e9e, les opportunit\u00e9s existent. Ci-dessous, Alexandre vous donne quelques pistes g\u00e9n\u00e9rales de r\u00e9flexion.D\u00e9but 2014, l&rsquo;entreprise Robatech avait elle aussi planifi\u00e9 un projet achat. Nous vous le [&hellip;]<\/p>\n","protected":false},"author":4,"featured_media":0,"comment_status":"open","ping_status":"open","sticky":false,"template":"","format":"standard","meta":{"_acf_changed":false,"footnotes":""},"categories":[2],"tags":[],"class_list":["post-1740","post","type-post","status-publish","format-standard","hentry","category-non-classifiee"],"acf":[],"aioseo_notices":[],"_links":{"self":[{"href":"http:\/\/www.melioris.ch\/fr\/wp-json\/wp\/v2\/posts\/1740","targetHints":{"allow":["GET"]}}],"collection":[{"href":"http:\/\/www.melioris.ch\/fr\/wp-json\/wp\/v2\/posts"}],"about":[{"href":"http:\/\/www.melioris.ch\/fr\/wp-json\/wp\/v2\/types\/post"}],"author":[{"embeddable":true,"href":"http:\/\/www.melioris.ch\/fr\/wp-json\/wp\/v2\/users\/4"}],"replies":[{"embeddable":true,"href":"http:\/\/www.melioris.ch\/fr\/wp-json\/wp\/v2\/comments?post=1740"}],"version-history":[{"count":5,"href":"http:\/\/www.melioris.ch\/fr\/wp-json\/wp\/v2\/posts\/1740\/revisions"}],"predecessor-version":[{"id":1913,"href":"http:\/\/www.melioris.ch\/fr\/wp-json\/wp\/v2\/posts\/1740\/revisions\/1913"}],"wp:attachment":[{"href":"http:\/\/www.melioris.ch\/fr\/wp-json\/wp\/v2\/media?parent=1740"}],"wp:term":[{"taxonomy":"category","embeddable":true,"href":"http:\/\/www.melioris.ch\/fr\/wp-json\/wp\/v2\/categories?post=1740"},{"taxonomy":"post_tag","embeddable":true,"href":"http:\/\/www.melioris.ch\/fr\/wp-json\/wp\/v2\/tags?post=1740"}],"curies":[{"name":"wp","href":"https:\/\/api.w.org\/{rel}","templated":true}]}}